{"id":2815,"date":"2022-07-20T08:14:58","date_gmt":"2022-07-20T08:14:58","guid":{"rendered":"https:\/\/rembrandthoeve.templ8.nl\/nyja-vefsidan-okkar-er-komin-a-netid\/"},"modified":"2022-07-28T13:21:57","modified_gmt":"2022-07-28T13:21:57","slug":"nyja-vefsidan-okkar-er-komin-a-netid","status":"publish","type":"post","link":"https:\/\/rembrandthoeveamsterdam.nl\/is\/nyja-vefsidan-okkar-er-komin-a-netid\/","title":{"rendered":"N\u00fdja vefs\u00ed\u00f0an okkar er komin \u00e1 neti\u00f0!"},"content":{"rendered":"<p>Vi\u00f0 erum stolt af \u00fev\u00ed a\u00f0 kynna \u00fe\u00e9r n\u00fdju heimas\u00ed\u00f0una okkar. Alveg \u00ed n\u00fdjum jakka sem passar vi\u00f0 b\u00e6inn okkar.<\/p>\n<p>H\u00f6fundar <a href=\"https:\/\/www.scrolla.nl\/\">Scrolla!<\/a> takk fyrir \u00fej\u00f3nustuna og sk\u00f6punarg\u00e1funa!<\/p>\n","protected":false},"excerpt":{"rendered":"<p>Vi\u00f0 erum stolt af \u00fev\u00ed a\u00f0 kynna \u00fe\u00e9r n\u00fdju heimas\u00ed\u00f0una okkar. Alveg \u00ed n\u00fdjum jakka sem passar vi\u00f0 b\u00e6inn okkar. H\u00f6fundar Scrolla! takk fyrir \u00fej\u00f3nustuna og sk\u00f6punarg\u00e1funa!<\/p>\n","protected":false},"author":1,"featured_media":2556,"comment_status":"open","ping_status":"closed","sticky":false,"template":"","format":"standard","meta":{"footnotes":""},"categories":[25],"tags":[],"class_list":["post-2815","post","type-post","status-publish","format-standard","has-post-thumbnail","hentry","category-uncategorized-is"],"yoast_head":"<!-- This site is optimized with the Yoast SEO plugin v27.5 - https:\/\/yoast.com\/product\/yoast-seo-wordpress\/ -->\n<title>N\u00fdja vefs\u00ed\u00f0an okkar er komin \u00e1 neti\u00f0! - The Rembrandt Hoeve<\/title>\n<meta name=\"robots\" content=\"index, follow, max-snippet:-1, max-image-preview:large, max-video-preview:-1\" \/>\n<link rel=\"canonical\" href=\"https:\/\/rembrandthoeveamsterdam.nl\/is\/nyja-vefsidan-okkar-er-komin-a-netid\/\" \/>\n<meta property=\"og:locale\" content=\"is_IS\" \/>\n<meta property=\"og:type\" content=\"article\" \/>\n<meta property=\"og:title\" content=\"N\u00fdja vefs\u00ed\u00f0an okkar er komin \u00e1 neti\u00f0! - The Rembrandt Hoeve\" \/>\n<meta property=\"og:description\" content=\"Vi\u00f0 erum stolt af \u00fev\u00ed a\u00f0 kynna \u00fe\u00e9r n\u00fdju heimas\u00ed\u00f0una okkar. Alveg \u00ed n\u00fdjum jakka sem passar vi\u00f0 b\u00e6inn okkar. H\u00f6fundar Scrolla! takk fyrir \u00fej\u00f3nustuna og sk\u00f6punarg\u00e1funa!\" \/>\n<meta property=\"og:url\" content=\"https:\/\/rembrandthoeveamsterdam.nl\/is\/nyja-vefsidan-okkar-er-komin-a-netid\/\" \/>\n<meta property=\"og:site_name\" content=\"The Rembrandt Hoeve\" \/>\n<meta property=\"article:published_time\" content=\"2022-07-20T08:14:58+00:00\" \/>\n<meta property=\"article:modified_time\" content=\"2022-07-28T13:21:57+00:00\" \/>\n<meta property=\"og:image\" content=\"https:\/\/rembrandthoeveamsterdam.nl\/wp-content\/uploads\/2020\/10\/rudenko-photography-36.jpg\" \/>\n\t<meta property=\"og:image:width\" content=\"1600\" \/>\n\t<meta property=\"og:image:height\" content=\"1200\" \/>\n\t<meta property=\"og:image:type\" content=\"image\/jpeg\" \/>\n<meta name=\"author\" content=\"Scrolla!\" \/>\n<meta name=\"twitter:card\" content=\"summary_large_image\" \/>\n<meta name=\"twitter:label1\" content=\"Written by\" \/>\n\t<meta name=\"twitter:data1\" content=\"Scrolla!\" \/>\n\t<meta name=\"twitter:label2\" content=\"Est. reading time\" \/>\n\t<meta name=\"twitter:data2\" content=\"1 minute\" \/>\n<script type=\"application\/ld+json\" class=\"yoast-schema-graph\">{\"@context\":\"https:\\\/\\\/schema.org\",\"@graph\":[{\"@type\":\"Article\",\"@id\":\"https:\\\/\\\/rembrandthoeveamsterdam.nl\\\/is\\\/nyja-vefsidan-okkar-er-komin-a-netid\\\/#article\",\"isPartOf\":{\"@id\":\"https:\\\/\\\/rembrandthoeveamsterdam.nl\\\/is\\\/nyja-vefsidan-okkar-er-komin-a-netid\\\/\"},\"author\":{\"name\":\"Scrolla!\",\"@id\":\"https:\\\/\\\/rembrandthoeveamsterdam.nl\\\/is\\\/#\\\/schema\\\/person\\\/e4c1475af5b263da80dfa2a3200191ee\"},\"headline\":\"N\u00fdja vefs\u00ed\u00f0an okkar er komin \u00e1 neti\u00f0!\",\"datePublished\":\"2022-07-20T08:14:58+00:00\",\"dateModified\":\"2022-07-28T13:21:57+00:00\",\"mainEntityOfPage\":{\"@id\":\"https:\\\/\\\/rembrandthoeveamsterdam.nl\\\/is\\\/nyja-vefsidan-okkar-er-komin-a-netid\\\/\"},\"wordCount\":42,\"commentCount\":0,\"publisher\":{\"@id\":\"https:\\\/\\\/rembrandthoeveamsterdam.nl\\\/is\\\/#organization\"},\"image\":{\"@id\":\"https:\\\/\\\/rembrandthoeveamsterdam.nl\\\/is\\\/nyja-vefsidan-okkar-er-komin-a-netid\\\/#primaryimage\"},\"thumbnailUrl\":\"https:\\\/\\\/rembrandthoeveamsterdam.nl\\\/wp-content\\\/uploads\\\/2020\\\/10\\\/rudenko-photography-36.jpg\",\"articleSection\":[\"Uncategorized @is\"],\"inLanguage\":\"is\",\"potentialAction\":[{\"@type\":\"CommentAction\",\"name\":\"Comment\",\"target\":[\"https:\\\/\\\/rembrandthoeveamsterdam.nl\\\/is\\\/nyja-vefsidan-okkar-er-komin-a-netid\\\/#respond\"]}]},{\"@type\":\"WebPage\",\"@id\":\"https:\\\/\\\/rembrandthoeveamsterdam.nl\\\/is\\\/nyja-vefsidan-okkar-er-komin-a-netid\\\/\",\"url\":\"https:\\\/\\\/rembrandthoeveamsterdam.nl\\\/is\\\/nyja-vefsidan-okkar-er-komin-a-netid\\\/\",\"name\":\"N\u00fdja vefs\u00ed\u00f0an okkar er komin \u00e1 neti\u00f0! - The Rembrandt Hoeve\",\"isPartOf\":{\"@id\":\"https:\\\/\\\/rembrandthoeveamsterdam.nl\\\/is\\\/#website\"},\"primaryImageOfPage\":{\"@id\":\"https:\\\/\\\/rembrandthoeveamsterdam.nl\\\/is\\\/nyja-vefsidan-okkar-er-komin-a-netid\\\/#primaryimage\"},\"image\":{\"@id\":\"https:\\\/\\\/rembrandthoeveamsterdam.nl\\\/is\\\/nyja-vefsidan-okkar-er-komin-a-netid\\\/#primaryimage\"},\"thumbnailUrl\":\"https:\\\/\\\/rembrandthoeveamsterdam.nl\\\/wp-content\\\/uploads\\\/2020\\\/10\\\/rudenko-photography-36.jpg\",\"datePublished\":\"2022-07-20T08:14:58+00:00\",\"dateModified\":\"2022-07-28T13:21:57+00:00\",\"breadcrumb\":{\"@id\":\"https:\\\/\\\/rembrandthoeveamsterdam.nl\\\/is\\\/nyja-vefsidan-okkar-er-komin-a-netid\\\/#breadcrumb\"},\"inLanguage\":\"is\",\"potentialAction\":[{\"@type\":\"ReadAction\",\"target\":[\"https:\\\/\\\/rembrandthoeveamsterdam.nl\\\/is\\\/nyja-vefsidan-okkar-er-komin-a-netid\\\/\"]}]},{\"@type\":\"ImageObject\",\"inLanguage\":\"is\",\"@id\":\"https:\\\/\\\/rembrandthoeveamsterdam.nl\\\/is\\\/nyja-vefsidan-okkar-er-komin-a-netid\\\/#primaryimage\",\"url\":\"https:\\\/\\\/rembrandthoeveamsterdam.nl\\\/wp-content\\\/uploads\\\/2020\\\/10\\\/rudenko-photography-36.jpg\",\"contentUrl\":\"https:\\\/\\\/rembrandthoeveamsterdam.nl\\\/wp-content\\\/uploads\\\/2020\\\/10\\\/rudenko-photography-36.jpg\",\"width\":1600,\"height\":1200},{\"@type\":\"BreadcrumbList\",\"@id\":\"https:\\\/\\\/rembrandthoeveamsterdam.nl\\\/is\\\/nyja-vefsidan-okkar-er-komin-a-netid\\\/#breadcrumb\",\"itemListElement\":[{\"@type\":\"ListItem\",\"position\":1,\"name\":\"Home\",\"item\":\"https:\\\/\\\/rembrandthoeveamsterdam.nl\\\/is\\\/heim\\\/\"},{\"@type\":\"ListItem\",\"position\":2,\"name\":\"N\u00fdja vefs\u00ed\u00f0an okkar er komin \u00e1 neti\u00f0!\"}]},{\"@type\":\"WebSite\",\"@id\":\"https:\\\/\\\/rembrandthoeveamsterdam.nl\\\/is\\\/#website\",\"url\":\"https:\\\/\\\/rembrandthoeveamsterdam.nl\\\/is\\\/\",\"name\":\"The Rembrandt Hoeve\",\"description\":\"Cheesefarm &amp; Clog factory in Amsterdam\",\"publisher\":{\"@id\":\"https:\\\/\\\/rembrandthoeveamsterdam.nl\\\/is\\\/#organization\"},\"potentialAction\":[{\"@type\":\"SearchAction\",\"target\":{\"@type\":\"EntryPoint\",\"urlTemplate\":\"https:\\\/\\\/rembrandthoeveamsterdam.nl\\\/is\\\/?s={search_term_string}\"},\"query-input\":{\"@type\":\"PropertyValueSpecification\",\"valueRequired\":true,\"valueName\":\"search_term_string\"}}],\"inLanguage\":\"is\"},{\"@type\":\"Organization\",\"@id\":\"https:\\\/\\\/rembrandthoeveamsterdam.nl\\\/is\\\/#organization\",\"name\":\"The Rembrandt Hoeve\",\"url\":\"https:\\\/\\\/rembrandthoeveamsterdam.nl\\\/is\\\/\",\"logo\":{\"@type\":\"ImageObject\",\"inLanguage\":\"is\",\"@id\":\"https:\\\/\\\/rembrandthoeveamsterdam.nl\\\/is\\\/#\\\/schema\\\/logo\\\/image\\\/\",\"url\":\"https:\\\/\\\/rembrandthoeveamsterdam.nl\\\/wp-content\\\/uploads\\\/2020\\\/10\\\/logo-2.png\",\"contentUrl\":\"https:\\\/\\\/rembrandthoeveamsterdam.nl\\\/wp-content\\\/uploads\\\/2020\\\/10\\\/logo-2.png\",\"width\":222,\"height\":121,\"caption\":\"The Rembrandt Hoeve\"},\"image\":{\"@id\":\"https:\\\/\\\/rembrandthoeveamsterdam.nl\\\/is\\\/#\\\/schema\\\/logo\\\/image\\\/\"}},{\"@type\":\"Person\",\"@id\":\"https:\\\/\\\/rembrandthoeveamsterdam.nl\\\/is\\\/#\\\/schema\\\/person\\\/e4c1475af5b263da80dfa2a3200191ee\",\"name\":\"Scrolla!\",\"image\":{\"@type\":\"ImageObject\",\"inLanguage\":\"is\",\"@id\":\"https:\\\/\\\/secure.gravatar.com\\\/avatar\\\/f96af842d96bafeb70d85b6befcc8c1899ce0d218b8ce4ae10c5d74b9d3c61e3?s=96&d=mm&r=g\",\"url\":\"https:\\\/\\\/secure.gravatar.com\\\/avatar\\\/f96af842d96bafeb70d85b6befcc8c1899ce0d218b8ce4ae10c5d74b9d3c61e3?s=96&d=mm&r=g\",\"contentUrl\":\"https:\\\/\\\/secure.gravatar.com\\\/avatar\\\/f96af842d96bafeb70d85b6befcc8c1899ce0d218b8ce4ae10c5d74b9d3c61e3?s=96&d=mm&r=g\",\"caption\":\"Scrolla!\"},\"sameAs\":[\"https:\\\/\\\/rembrandthoeveamsterdam.nl\"],\"url\":\"https:\\\/\\\/rembrandthoeveamsterdam.nl\\\/is\\\/author\\\/scrolla\\\/\"}]}<\/script>\n<!-- \/ Yoast SEO plugin. -->","yoast_head_json":{"title":"N\u00fdja vefs\u00ed\u00f0an okkar er komin \u00e1 neti\u00f0! - The Rembrandt Hoeve","robots":{"index":"index","follow":"follow","max-snippet":"max-snippet:-1","max-image-preview":"max-image-preview:large","max-video-preview":"max-video-preview:-1"},"canonical":"https:\/\/rembrandthoeveamsterdam.nl\/is\/nyja-vefsidan-okkar-er-komin-a-netid\/","og_locale":"is_IS","og_type":"article","og_title":"N\u00fdja vefs\u00ed\u00f0an okkar er komin \u00e1 neti\u00f0! - The Rembrandt Hoeve","og_description":"Vi\u00f0 erum stolt af \u00fev\u00ed a\u00f0 kynna \u00fe\u00e9r n\u00fdju heimas\u00ed\u00f0una okkar. Alveg \u00ed n\u00fdjum jakka sem passar vi\u00f0 b\u00e6inn okkar. H\u00f6fundar Scrolla! takk fyrir \u00fej\u00f3nustuna og sk\u00f6punarg\u00e1funa!","og_url":"https:\/\/rembrandthoeveamsterdam.nl\/is\/nyja-vefsidan-okkar-er-komin-a-netid\/","og_site_name":"The Rembrandt Hoeve","article_published_time":"2022-07-20T08:14:58+00:00","article_modified_time":"2022-07-28T13:21:57+00:00","og_image":[{"width":1600,"height":1200,"url":"https:\/\/rembrandthoeveamsterdam.nl\/wp-content\/uploads\/2020\/10\/rudenko-photography-36.jpg","type":"image\/jpeg"}],"author":"Scrolla!","twitter_card":"summary_large_image","twitter_misc":{"Written by":"Scrolla!","Est. reading time":"1 minute"},"schema":{"@context":"https:\/\/schema.org","@graph":[{"@type":"Article","@id":"https:\/\/rembrandthoeveamsterdam.nl\/is\/nyja-vefsidan-okkar-er-komin-a-netid\/#article","isPartOf":{"@id":"https:\/\/rembrandthoeveamsterdam.nl\/is\/nyja-vefsidan-okkar-er-komin-a-netid\/"},"author":{"name":"Scrolla!","@id":"https:\/\/rembrandthoeveamsterdam.nl\/is\/#\/schema\/person\/e4c1475af5b263da80dfa2a3200191ee"},"headline":"N\u00fdja vefs\u00ed\u00f0an okkar er komin \u00e1 neti\u00f0!","datePublished":"2022-07-20T08:14:58+00:00","dateModified":"2022-07-28T13:21:57+00:00","mainEntityOfPage":{"@id":"https:\/\/rembrandthoeveamsterdam.nl\/is\/nyja-vefsidan-okkar-er-komin-a-netid\/"},"wordCount":42,"commentCount":0,"publisher":{"@id":"https:\/\/rembrandthoeveamsterdam.nl\/is\/#organization"},"image":{"@id":"https:\/\/rembrandthoeveamsterdam.nl\/is\/nyja-vefsidan-okkar-er-komin-a-netid\/#primaryimage"},"thumbnailUrl":"https:\/\/rembrandthoeveamsterdam.nl\/wp-content\/uploads\/2020\/10\/rudenko-photography-36.jpg","articleSection":["Uncategorized @is"],"inLanguage":"is","potentialAction":[{"@type":"CommentAction","name":"Comment","target":["https:\/\/rembrandthoeveamsterdam.nl\/is\/nyja-vefsidan-okkar-er-komin-a-netid\/#respond"]}]},{"@type":"WebPage","@id":"https:\/\/rembrandthoeveamsterdam.nl\/is\/nyja-vefsidan-okkar-er-komin-a-netid\/","url":"https:\/\/rembrandthoeveamsterdam.nl\/is\/nyja-vefsidan-okkar-er-komin-a-netid\/","name":"N\u00fdja vefs\u00ed\u00f0an okkar er komin \u00e1 neti\u00f0! - The Rembrandt Hoeve","isPartOf":{"@id":"https:\/\/rembrandthoeveamsterdam.nl\/is\/#website"},"primaryImageOfPage":{"@id":"https:\/\/rembrandthoeveamsterdam.nl\/is\/nyja-vefsidan-okkar-er-komin-a-netid\/#primaryimage"},"image":{"@id":"https:\/\/rembrandthoeveamsterdam.nl\/is\/nyja-vefsidan-okkar-er-komin-a-netid\/#primaryimage"},"thumbnailUrl":"https:\/\/rembrandthoeveamsterdam.nl\/wp-content\/uploads\/2020\/10\/rudenko-photography-36.jpg","datePublished":"2022-07-20T08:14:58+00:00","dateModified":"2022-07-28T13:21:57+00:00","breadcrumb":{"@id":"https:\/\/rembrandthoeveamsterdam.nl\/is\/nyja-vefsidan-okkar-er-komin-a-netid\/#breadcrumb"},"inLanguage":"is","potentialAction":[{"@type":"ReadAction","target":["https:\/\/rembrandthoeveamsterdam.nl\/is\/nyja-vefsidan-okkar-er-komin-a-netid\/"]}]},{"@type":"ImageObject","inLanguage":"is","@id":"https:\/\/rembrandthoeveamsterdam.nl\/is\/nyja-vefsidan-okkar-er-komin-a-netid\/#primaryimage","url":"https:\/\/rembrandthoeveamsterdam.nl\/wp-content\/uploads\/2020\/10\/rudenko-photography-36.jpg","contentUrl":"https:\/\/rembrandthoeveamsterdam.nl\/wp-content\/uploads\/2020\/10\/rudenko-photography-36.jpg","width":1600,"height":1200},{"@type":"BreadcrumbList","@id":"https:\/\/rembrandthoeveamsterdam.nl\/is\/nyja-vefsidan-okkar-er-komin-a-netid\/#breadcrumb","itemListElement":[{"@type":"ListItem","position":1,"name":"Home","item":"https:\/\/rembrandthoeveamsterdam.nl\/is\/heim\/"},{"@type":"ListItem","position":2,"name":"N\u00fdja vefs\u00ed\u00f0an okkar er komin \u00e1 neti\u00f0!"}]},{"@type":"WebSite","@id":"https:\/\/rembrandthoeveamsterdam.nl\/is\/#website","url":"https:\/\/rembrandthoeveamsterdam.nl\/is\/","name":"The Rembrandt Hoeve","description":"Cheesefarm &amp; Clog factory in Amsterdam","publisher":{"@id":"https:\/\/rembrandthoeveamsterdam.nl\/is\/#organization"},"potentialAction":[{"@type":"SearchAction","target":{"@type":"EntryPoint","urlTemplate":"https:\/\/rembrandthoeveamsterdam.nl\/is\/?s={search_term_string}"},"query-input":{"@type":"PropertyValueSpecification","valueRequired":true,"valueName":"search_term_string"}}],"inLanguage":"is"},{"@type":"Organization","@id":"https:\/\/rembrandthoeveamsterdam.nl\/is\/#organization","name":"The Rembrandt Hoeve","url":"https:\/\/rembrandthoeveamsterdam.nl\/is\/","logo":{"@type":"ImageObject","inLanguage":"is","@id":"https:\/\/rembrandthoeveamsterdam.nl\/is\/#\/schema\/logo\/image\/","url":"https:\/\/rembrandthoeveamsterdam.nl\/wp-content\/uploads\/2020\/10\/logo-2.png","contentUrl":"https:\/\/rembrandthoeveamsterdam.nl\/wp-content\/uploads\/2020\/10\/logo-2.png","width":222,"height":121,"caption":"The Rembrandt Hoeve"},"image":{"@id":"https:\/\/rembrandthoeveamsterdam.nl\/is\/#\/schema\/logo\/image\/"}},{"@type":"Person","@id":"https:\/\/rembrandthoeveamsterdam.nl\/is\/#\/schema\/person\/e4c1475af5b263da80dfa2a3200191ee","name":"Scrolla!","image":{"@type":"ImageObject","inLanguage":"is","@id":"https:\/\/secure.gravatar.com\/avatar\/f96af842d96bafeb70d85b6befcc8c1899ce0d218b8ce4ae10c5d74b9d3c61e3?s=96&d=mm&r=g","url":"https:\/\/secure.gravatar.com\/avatar\/f96af842d96bafeb70d85b6befcc8c1899ce0d218b8ce4ae10c5d74b9d3c61e3?s=96&d=mm&r=g","contentUrl":"https:\/\/secure.gravatar.com\/avatar\/f96af842d96bafeb70d85b6befcc8c1899ce0d218b8ce4ae10c5d74b9d3c61e3?s=96&d=mm&r=g","caption":"Scrolla!"},"sameAs":["https:\/\/rembrandthoeveamsterdam.nl"],"url":"https:\/\/rembrandthoeveamsterdam.nl\/is\/author\/scrolla\/"}]}},"_links":{"self":[{"href":"https:\/\/rembrandthoeveamsterdam.nl\/is\/wp-json\/wp\/v2\/posts\/2815","targetHints":{"allow":["GET"]}}],"collection":[{"href":"https:\/\/rembrandthoeveamsterdam.nl\/is\/wp-json\/wp\/v2\/posts"}],"about":[{"href":"https:\/\/rembrandthoeveamsterdam.nl\/is\/wp-json\/wp\/v2\/types\/post"}],"author":[{"embeddable":true,"href":"https:\/\/rembrandthoeveamsterdam.nl\/is\/wp-json\/wp\/v2\/users\/1"}],"replies":[{"embeddable":true,"href":"https:\/\/rembrandthoeveamsterdam.nl\/is\/wp-json\/wp\/v2\/comments?post=2815"}],"version-history":[{"count":0,"href":"https:\/\/rembrandthoeveamsterdam.nl\/is\/wp-json\/wp\/v2\/posts\/2815\/revisions"}],"wp:featuredmedia":[{"embeddable":true,"href":"https:\/\/rembrandthoeveamsterdam.nl\/is\/wp-json\/wp\/v2\/media\/2556"}],"wp:attachment":[{"href":"https:\/\/rembrandthoeveamsterdam.nl\/is\/wp-json\/wp\/v2\/media?parent=2815"}],"wp:term":[{"taxonomy":"category","embeddable":true,"href":"https:\/\/rembrandthoeveamsterdam.nl\/is\/wp-json\/wp\/v2\/categories?post=2815"},{"taxonomy":"post_tag","embeddable":true,"href":"https:\/\/rembrandthoeveamsterdam.nl\/is\/wp-json\/wp\/v2\/tags?post=2815"}],"curies":[{"name":"wp","href":"https:\/\/api.w.org\/{rel}","templated":true}]}}